{"id":2661,"date":"2018-07-11T18:02:28","date_gmt":"2018-07-12T00:02:28","guid":{"rendered":"http:\/\/ioriska.net\/?p=2661"},"modified":"2020-07-09T16:34:42","modified_gmt":"2020-07-09T22:34:42","slug":"judith-reyes-vol-1-1998","status":"publish","type":"post","link":"https:\/\/ioriska.net\/?p=2661","title":{"rendered":"JUDITH REYES &#8211; Vol. 1 (1998)"},"content":{"rendered":"<p><img loading=\"lazy\" decoding=\"async\" class=\"size-full wp-image-2644 aligncenter\" src=\"http:\/\/ioriska.net\/wp-content\/uploads\/2018\/07\/Judith-Reyes-1998-Vol.-1-e1531352243823.jpg\" alt=\"\" width=\"350\" height=\"350\" \/><\/p>\n<p><b>Artista:<\/b> Judith Reyes<br \/>\n<b>T\u00edtulo:<\/b> Vol. 1<br \/>\n<b>A\u00f1o:<\/b> 1998<br \/>\n<b>G\u00e9nero:<\/b> Cantautor, Corrido protesta<br \/>\n<b>Pa\u00eds:<\/b> M\u00e9xico<\/p>\n<p><b> Tracklist&#8230; <\/b><\/p>\n<p>01 &#8211; Corrido de Santo Domingo<br \/>\n02 &#8211; Los rebeldes<br \/>\n03 &#8211; La salinidad<br \/>\n04 &#8211; Poder negro<br \/>\n05 &#8211; Canci\u00f3n de los ni\u00f1os trabajadores<br \/>\n06 &#8211; Marcha latinoamericana<br \/>\n07 &#8211; El guerrillero de Guatemala<br \/>\n08 &#8211; Los restos de Don Porfirio<br \/>\n09 &#8211; Gorilita, goril\u00f3n<br \/>\n10 &#8211; Corrido de los influyentes<br \/>\n11 &#8211; Rebeld\u00eda rural<br \/>\n12 &#8211; Panam\u00e1<br \/>\n13 &#8211; Corrido de Sandino<br \/>\n14 &#8211; Los granaderos<br \/>\n15 &#8211; Corrido de Arturo Gamiz<\/p>\n<p align=\"center\"><a href=\"http:\/\/www.mediafire.com\/file\/zn274liwxyvvlqz\/Judith%20Reyes%20-%201998%20-%20Vol.%201.rar\" target=\"_blank\" rel=\"noopener\"><img decoding=\"async\" src=\"http:\/\/ioriska.net\/wp-content\/uploads\/2015\/11\/DOWNLOAD-IORISKA-nuevo1.png\" alt=\"\" border=\"0\" \/><\/a><\/p>\n","protected":false},"excerpt":{"rendered":"<p>Artista: Judith Reyes T\u00edtulo: Vol. 1 A\u00f1o: 1998 G\u00e9nero: Cantautor, Corrido protesta Pa\u00eds: M\u00e9xico Tracklist&#8230; 01 &#8211; Corrido de Santo Domingo 02 &#8211; Los rebeldes 03 &#8211; La salinidad 04 &#8211; Poder negro 05 &#8211; Canci\u00f3n de los ni\u00f1os trabajadores &hellip; <a href=\"https:\/\/ioriska.net\/?p=2661\">Sigue leyendo <span class=\"meta-nav\">&rarr;<\/span><\/a><\/p>\n","protected":false},"author":3,"featured_media":2109,"comment_status":"open","ping_status":"open","sticky":false,"template":"","format":"standard","meta":{"footnotes":""},"categories":[3],"tags":[137],"class_list":["post-2661","post","type-post","status-publish","format-standard","has-post-thumbnail","hentry","category-cantautor","tag-137"],"_links":{"self":[{"href":"https:\/\/ioriska.net\/index.php?rest_route=\/wp\/v2\/posts\/2661","targetHints":{"allow":["GET"]}}],"collection":[{"href":"https:\/\/ioriska.net\/index.php?rest_route=\/wp\/v2\/posts"}],"about":[{"href":"https:\/\/ioriska.net\/index.php?rest_route=\/wp\/v2\/types\/post"}],"author":[{"embeddable":true,"href":"https:\/\/ioriska.net\/index.php?rest_route=\/wp\/v2\/users\/3"}],"replies":[{"embeddable":true,"href":"https:\/\/ioriska.net\/index.php?rest_route=%2Fwp%2Fv2%2Fcomments&post=2661"}],"version-history":[{"count":1,"href":"https:\/\/ioriska.net\/index.php?rest_route=\/wp\/v2\/posts\/2661\/revisions"}],"predecessor-version":[{"id":2662,"href":"https:\/\/ioriska.net\/index.php?rest_route=\/wp\/v2\/posts\/2661\/revisions\/2662"}],"wp:featuredmedia":[{"embeddable":true,"href":"https:\/\/ioriska.net\/index.php?rest_route=\/wp\/v2\/media\/2109"}],"wp:attachment":[{"href":"https:\/\/ioriska.net\/index.php?rest_route=%2Fwp%2Fv2%2Fmedia&parent=2661"}],"wp:term":[{"taxonomy":"category","embeddable":true,"href":"https:\/\/ioriska.net\/index.php?rest_route=%2Fwp%2Fv2%2Fcategories&post=2661"},{"taxonomy":"post_tag","embeddable":true,"href":"https:\/\/ioriska.net\/index.php?rest_route=%2Fwp%2Fv2%2Ftags&post=2661"}],"curies":[{"name":"wp","href":"https:\/\/api.w.org\/{rel}","templated":true}]}}