{"id":2653,"date":"2018-07-11T17:55:34","date_gmt":"2018-07-11T23:55:34","guid":{"rendered":"http:\/\/ioriska.net\/?p=2653"},"modified":"2020-07-09T16:35:09","modified_gmt":"2020-07-09T22:35:09","slug":"judith-reyes-cronologia-del-movimiento-estudiantil-1968-1974","status":"publish","type":"post","link":"https:\/\/ioriska.net\/?p=2653","title":{"rendered":"JUDITH REYES &#8211; Cronologia del movimiento estudiantil 1968 (1974)"},"content":{"rendered":"<p><img loading=\"lazy\" decoding=\"async\" class=\"size-full wp-image-2640 aligncenter\" src=\"http:\/\/ioriska.net\/wp-content\/uploads\/2018\/07\/Judith-Reyes-1974-Cronologia-del-movimiento-estudiantil-1968-e1531352154465.jpg\" alt=\"\" width=\"350\" height=\"350\" \/><\/p>\n<p><b>Artista:<\/b> Judith Reyes<br \/>\n<b>T\u00edtulo:<\/b> Cronologia del movimiento estudiantil 1968<br \/>\n<b>A\u00f1o:<\/b> 1974<br \/>\n<b>G\u00e9nero:<\/b> Cantautor, Corrido protesta<br \/>\n<b>Pa\u00eds:<\/b> M\u00e9xico<\/p>\n<p><b> Tracklist&#8230; <\/b><\/p>\n<p>01 &#8211; Corrido de la represion estudiantil del 26 de julio<br \/>\n02 &#8211; Corrido del desagravio<br \/>\n03 &#8211; Corrido del IV informe del Gobierno de Diaz Ordaz<br \/>\n04 &#8211; Corrido de la ocupacion militar de la universidad<br \/>\n05 &#8211; Cancion de la universidad<br \/>\n06 &#8211; Cancion del Politecnico<br \/>\n07 &#8211; Corrido de los combates de Zacatenco<br \/>\n08 &#8211; Coplas de las medallas<br \/>\n09 &#8211; Tlatelolco<br \/>\n10 &#8211; Marcha de los caidos<\/p>\n<p align=\"center\"><a href=\"http:\/\/www.mediafire.com\/file\/hubu9hygw6y5t95\/Judith%20Reyes%20-%201974%20-%20Cronologia%20del%20movimiento%20estudiantil%201968.rar\" target=\"_blank\" rel=\"noopener\"><img decoding=\"async\" src=\"http:\/\/ioriska.net\/wp-content\/uploads\/2015\/11\/DOWNLOAD-IORISKA-nuevo1.png\" alt=\"\" border=\"0\" \/><\/a><\/p>\n","protected":false},"excerpt":{"rendered":"<p>Artista: Judith Reyes T\u00edtulo: Cronologia del movimiento estudiantil 1968 A\u00f1o: 1974 G\u00e9nero: Cantautor, Corrido protesta Pa\u00eds: M\u00e9xico Tracklist&#8230; 01 &#8211; Corrido de la represion estudiantil del 26 de julio 02 &#8211; Corrido del desagravio 03 &#8211; Corrido del IV informe &hellip; <a href=\"https:\/\/ioriska.net\/?p=2653\">Sigue leyendo <span class=\"meta-nav\">&rarr;<\/span><\/a><\/p>\n","protected":false},"author":3,"featured_media":2109,"comment_status":"open","ping_status":"open","sticky":false,"template":"","format":"standard","meta":{"footnotes":""},"categories":[3],"tags":[155],"class_list":["post-2653","post","type-post","status-publish","format-standard","has-post-thumbnail","hentry","category-cantautor","tag-155"],"_links":{"self":[{"href":"https:\/\/ioriska.net\/index.php?rest_route=\/wp\/v2\/posts\/2653","targetHints":{"allow":["GET"]}}],"collection":[{"href":"https:\/\/ioriska.net\/index.php?rest_route=\/wp\/v2\/posts"}],"about":[{"href":"https:\/\/ioriska.net\/index.php?rest_route=\/wp\/v2\/types\/post"}],"author":[{"embeddable":true,"href":"https:\/\/ioriska.net\/index.php?rest_route=\/wp\/v2\/users\/3"}],"replies":[{"embeddable":true,"href":"https:\/\/ioriska.net\/index.php?rest_route=%2Fwp%2Fv2%2Fcomments&post=2653"}],"version-history":[{"count":1,"href":"https:\/\/ioriska.net\/index.php?rest_route=\/wp\/v2\/posts\/2653\/revisions"}],"predecessor-version":[{"id":2654,"href":"https:\/\/ioriska.net\/index.php?rest_route=\/wp\/v2\/posts\/2653\/revisions\/2654"}],"wp:featuredmedia":[{"embeddable":true,"href":"https:\/\/ioriska.net\/index.php?rest_route=\/wp\/v2\/media\/2109"}],"wp:attachment":[{"href":"https:\/\/ioriska.net\/index.php?rest_route=%2Fwp%2Fv2%2Fmedia&parent=2653"}],"wp:term":[{"taxonomy":"category","embeddable":true,"href":"https:\/\/ioriska.net\/index.php?rest_route=%2Fwp%2Fv2%2Fcategories&post=2653"},{"taxonomy":"post_tag","embeddable":true,"href":"https:\/\/ioriska.net\/index.php?rest_route=%2Fwp%2Fv2%2Ftags&post=2653"}],"curies":[{"name":"wp","href":"https:\/\/api.w.org\/{rel}","templated":true}]}}