{"id":2649,"date":"2018-07-11T17:51:53","date_gmt":"2018-07-11T23:51:53","guid":{"rendered":"http:\/\/ioriska.net\/?p=2649"},"modified":"2020-07-09T16:35:21","modified_gmt":"2020-07-09T22:35:21","slug":"judith-reyes-mexico-oprimido-1970","status":"publish","type":"post","link":"https:\/\/ioriska.net\/?p=2649","title":{"rendered":"JUDITH REYES &#8211; Mexico oprimido (1970)"},"content":{"rendered":"<p><img loading=\"lazy\" decoding=\"async\" class=\"size-full wp-image-2638 aligncenter\" src=\"http:\/\/ioriska.net\/wp-content\/uploads\/2018\/07\/Judith-Reyes-1970-Mexico-oprimido-e1531352066645.jpg\" alt=\"\" width=\"350\" height=\"350\" \/><\/p>\n<p><b>Artista:<\/b> Judith Reyes<br \/>\n<b>T\u00edtulo:<\/b> Mexico oprimido<br \/>\n<b>A\u00f1o:<\/b> 1970<br \/>\n<b>G\u00e9nero:<\/b> Cantautor, Corrido protesta<br \/>\n<b>Pa\u00eds:<\/b> M\u00e9xico<\/p>\n<p><b> Tracklist&#8230; <\/b><\/p>\n<p>01 &#8211; Los Restos de Don Porfirio<br \/>\n02 &#8211; Los rebeldes<br \/>\n03 &#8211; Tragedia de la Plaza de las Tres Culturas<br \/>\n04 &#8211; Marcha de los caidos<br \/>\n05 &#8211; Corrido del 4o informe del Gobierno de Diaz Ordaz<br \/>\n06 &#8211; Cancion de los presos politicos de Mexico<br \/>\n07 &#8211; Corrido de amor a Cuba<br \/>\n08 &#8211; Cancion de los jornaleros<br \/>\n09 &#8211; Marquetalia<br \/>\n10 &#8211; Corrido de Sandino<br \/>\n11 &#8211; No pueden matar al Che<br \/>\n12 &#8211; Panama<\/p>\n<p align=\"center\"><a href=\"http:\/\/www.mediafire.com\/file\/nqekz2l51hfjbwd\/Judith%20Reyes%20-%201970%20-%20Mexico%20oprimido.rar\" target=\"_blank\" rel=\"noopener\"><img decoding=\"async\" src=\"http:\/\/ioriska.net\/wp-content\/uploads\/2015\/11\/DOWNLOAD-IORISKA-nuevo1.png\" alt=\"\" border=\"0\" \/><\/a><\/p>\n","protected":false},"excerpt":{"rendered":"<p>Artista: Judith Reyes T\u00edtulo: Mexico oprimido A\u00f1o: 1970 G\u00e9nero: Cantautor, Corrido protesta Pa\u00eds: M\u00e9xico Tracklist&#8230; 01 &#8211; Los Restos de Don Porfirio 02 &#8211; Los rebeldes 03 &#8211; Tragedia de la Plaza de las Tres Culturas 04 &#8211; Marcha de &hellip; <a href=\"https:\/\/ioriska.net\/?p=2649\">Sigue leyendo <span class=\"meta-nav\">&rarr;<\/span><\/a><\/p>\n","protected":false},"author":3,"featured_media":2109,"comment_status":"open","ping_status":"open","sticky":false,"template":"","format":"standard","meta":{"footnotes":""},"categories":[3],"tags":[157],"class_list":["post-2649","post","type-post","status-publish","format-standard","has-post-thumbnail","hentry","category-cantautor","tag-157"],"_links":{"self":[{"href":"https:\/\/ioriska.net\/index.php?rest_route=\/wp\/v2\/posts\/2649","targetHints":{"allow":["GET"]}}],"collection":[{"href":"https:\/\/ioriska.net\/index.php?rest_route=\/wp\/v2\/posts"}],"about":[{"href":"https:\/\/ioriska.net\/index.php?rest_route=\/wp\/v2\/types\/post"}],"author":[{"embeddable":true,"href":"https:\/\/ioriska.net\/index.php?rest_route=\/wp\/v2\/users\/3"}],"replies":[{"embeddable":true,"href":"https:\/\/ioriska.net\/index.php?rest_route=%2Fwp%2Fv2%2Fcomments&post=2649"}],"version-history":[{"count":1,"href":"https:\/\/ioriska.net\/index.php?rest_route=\/wp\/v2\/posts\/2649\/revisions"}],"predecessor-version":[{"id":2650,"href":"https:\/\/ioriska.net\/index.php?rest_route=\/wp\/v2\/posts\/2649\/revisions\/2650"}],"wp:featuredmedia":[{"embeddable":true,"href":"https:\/\/ioriska.net\/index.php?rest_route=\/wp\/v2\/media\/2109"}],"wp:attachment":[{"href":"https:\/\/ioriska.net\/index.php?rest_route=%2Fwp%2Fv2%2Fmedia&parent=2649"}],"wp:term":[{"taxonomy":"category","embeddable":true,"href":"https:\/\/ioriska.net\/index.php?rest_route=%2Fwp%2Fv2%2Fcategories&post=2649"},{"taxonomy":"post_tag","embeddable":true,"href":"https:\/\/ioriska.net\/index.php?rest_route=%2Fwp%2Fv2%2Ftags&post=2649"}],"curies":[{"name":"wp","href":"https:\/\/api.w.org\/{rel}","templated":true}]}}