{"id":1962,"date":"2018-01-24T17:29:15","date_gmt":"2018-01-24T23:29:15","guid":{"rendered":"http:\/\/ioriska.net\/?p=1962"},"modified":"2020-07-09T16:51:48","modified_gmt":"2020-07-09T22:51:48","slug":"decibelios-con-el-tiempo-y-una-cana-1989","status":"publish","type":"post","link":"https:\/\/ioriska.net\/?p=1962","title":{"rendered":"DECIBELIOS &#8211; Con el tiempo y una ca\u00f1a (1989)"},"content":{"rendered":"<p><img loading=\"lazy\" decoding=\"async\" src=\"https:\/\/ioriska.net\/wp-content\/uploads\/2018\/01\/decibelios-con-el-tiempo-y-una-cana-lp.jpg\" alt=\"\" width=\"350\" height=\"350\" class=\"aligncenter size-full wp-image-2218\" srcset=\"https:\/\/ioriska.net\/wp-content\/uploads\/2018\/01\/decibelios-con-el-tiempo-y-una-cana-lp.jpg 350w, https:\/\/ioriska.net\/wp-content\/uploads\/2018\/01\/decibelios-con-el-tiempo-y-una-cana-lp-150x150.jpg 150w, https:\/\/ioriska.net\/wp-content\/uploads\/2018\/01\/decibelios-con-el-tiempo-y-una-cana-lp-300x300.jpg 300w\" sizes=\"auto, (max-width: 350px) 100vw, 350px\" \/><br \/>\n<b>Artista:<\/b> Decibelios<br \/>\n<b>T\u00edtulo:<\/b> Con el tiempo y una ca\u00f1a<br \/>\n<b>A\u00f1o:<\/b> 1989<br \/>\n<b>G\u00e9nero:<\/b> Oi!, Ska Oi!<br \/>\n<b>Pa\u00eds:<\/b> Barcelona &#8220;Espa\u00f1a&#8221;<br \/>\n<b>WEB:<\/b> <a href=\"http:\/\/www.decibeliosoficial.com\/\" target=\"_blank\" rel=\"noopener\"><b>WEB OFICIAL<\/b><\/a><\/p>\n<p><b> Tracklist&#8230; <\/b><\/p>\n<p>01 &#8211; El matricero<br \/>\n02 &#8211; Viaje sin retorno<br \/>\n03 &#8211; Bazofia para las bestias<br \/>\n04 &#8211; Ventana &#8211; bentana<br \/>\n05 &#8211; Video killer<br \/>\n06 &#8211; Tierras inh\u00f3spitas<br \/>\n07 &#8211; Jefe Tucanuto<br \/>\n08 &#8211; Qui\u00e9n quisiera<br \/>\n09 &#8211; Indiano<br \/>\n10 &#8211; Tango: nostalgia de ella<br \/>\n11 &#8211; Refrescala en paz<\/p>\n<p align=\"center\"><a href=\"http:\/\/www.mediafire.com\/file\/spi958g4li4z54w\/D3c1b3l1os_-_1989_-_C0n_3l_t1emp0_y_un4_ca%C3%B1a.rar\" target=\"_blank\" rel=\"noopener\"><img decoding=\"async\" src=\"http:\/\/ioriska.net\/wp-content\/uploads\/2015\/11\/DOWNLOAD-IORISKA-nuevo1.png\" alt=\"\" border=\"0\" \/><\/a><\/p>\n","protected":false},"excerpt":{"rendered":"<p>Artista: Decibelios T\u00edtulo: Con el tiempo y una ca\u00f1a A\u00f1o: 1989 G\u00e9nero: Oi!, Ska Oi! Pa\u00eds: Barcelona &#8220;Espa\u00f1a&#8221; WEB: WEB OFICIAL Tracklist&#8230; 01 &#8211; El matricero 02 &#8211; Viaje sin retorno 03 &#8211; Bazofia para las bestias 04 &#8211; Ventana &hellip; <a href=\"https:\/\/ioriska.net\/?p=1962\">Sigue leyendo <span class=\"meta-nav\">&rarr;<\/span><\/a><\/p>\n","protected":false},"author":3,"featured_media":0,"comment_status":"open","ping_status":"open","sticky":false,"template":"","format":"standard","meta":{"footnotes":""},"categories":[12,56,34],"tags":[148],"class_list":["post-1962","post","type-post","status-publish","format-standard","hentry","category-oi","category-punk-oi","category-ska-oi","tag-148"],"_links":{"self":[{"href":"https:\/\/ioriska.net\/index.php?rest_route=\/wp\/v2\/posts\/1962","targetHints":{"allow":["GET"]}}],"collection":[{"href":"https:\/\/ioriska.net\/index.php?rest_route=\/wp\/v2\/posts"}],"about":[{"href":"https:\/\/ioriska.net\/index.php?rest_route=\/wp\/v2\/types\/post"}],"author":[{"embeddable":true,"href":"https:\/\/ioriska.net\/index.php?rest_route=\/wp\/v2\/users\/3"}],"replies":[{"embeddable":true,"href":"https:\/\/ioriska.net\/index.php?rest_route=%2Fwp%2Fv2%2Fcomments&post=1962"}],"version-history":[{"count":3,"href":"https:\/\/ioriska.net\/index.php?rest_route=\/wp\/v2\/posts\/1962\/revisions"}],"predecessor-version":[{"id":2220,"href":"https:\/\/ioriska.net\/index.php?rest_route=\/wp\/v2\/posts\/1962\/revisions\/2220"}],"wp:attachment":[{"href":"https:\/\/ioriska.net\/index.php?rest_route=%2Fwp%2Fv2%2Fmedia&parent=1962"}],"wp:term":[{"taxonomy":"category","embeddable":true,"href":"https:\/\/ioriska.net\/index.php?rest_route=%2Fwp%2Fv2%2Fcategories&post=1962"},{"taxonomy":"post_tag","embeddable":true,"href":"https:\/\/ioriska.net\/index.php?rest_route=%2Fwp%2Fv2%2Ftags&post=1962"}],"curies":[{"name":"wp","href":"https:\/\/api.w.org\/{rel}","templated":true}]}}