{"id":1681,"date":"2017-11-20T20:22:34","date_gmt":"2017-11-21T02:22:34","guid":{"rendered":"http:\/\/ioriska.net\/?p=1681"},"modified":"2020-07-09T17:02:29","modified_gmt":"2020-07-09T23:02:29","slug":"ignotus-rock-n-terapia-2012","status":"publish","type":"post","link":"https:\/\/ioriska.net\/?p=1681","title":{"rendered":"IGNOTUS &#8211; Rock n terapia (2012)"},"content":{"rendered":"<p><img loading=\"lazy\" decoding=\"async\" class=\"size-medium wp-image-1674 aligncenter\" src=\"https:\/\/ioriska.net\/wp-content\/uploads\/2017\/11\/Ignotus-2012-Rock-n-Terapia-1-350x350.jpg\" alt=\"\" width=\"350\" height=\"350\" \/><\/p>\n<p><b>Artista:<\/b> Ignotus<br \/>\n<b>T\u00edtulo:<\/b> Rock n terapia<br \/>\n<b>A\u00f1o:<\/b> 2012<br \/>\n<b>G\u00e9nero:<\/b> Punk Oi!, Punk&#8217;n&#8217;Roll<br \/>\n<b>Pa\u00eds:<\/b> Madrid &#8220;Espa\u00f1a&#8221;<br \/>\n<b>WEB:<\/b> <a href=\"https:\/\/www.facebook.com\/ignotuspunk\/\" target=\"_blank\" rel=\"noopener\"><b>WEB<\/b><\/a><\/p>\n<p><b> Tracklist&#8230; <\/b><\/p>\n<p>01 &#8211; Bandera negra<br \/>\n02 &#8211; The end<br \/>\n03 &#8211; Desde 1995<br \/>\n04 &#8211; Desde mis entra\u00f1as<br \/>\n05 &#8211; Vive y deja vivir<br \/>\n06 &#8211; Generacion tuning<br \/>\n07 &#8211; Rock n terapia<br \/>\n08 &#8211; Ya esta bien<br \/>\n09 &#8211; El fugitivo<br \/>\n10 &#8211; Estrellados del rock<br \/>\n11 &#8211; El disfraz<br \/>\n12 &#8211; Mi generacion<br \/>\n13 &#8211; Terrorismo mediatico<br \/>\n14 &#8211; Mis colegas me dicen adios<\/p>\n<p align=\"center\"><a href=\"http:\/\/www.mediafire.com\/file\/79ya32jvkb4h0ti\/Ignotus_-_2012_-_Rock_n_Terapia.rar\" target=\"_blank\" rel=\"noopener\"><img decoding=\"async\" src=\"http:\/\/ioriska.net\/wp-content\/uploads\/2015\/11\/DOWNLOAD-IORISKA-nuevo1.png\" alt=\"\" border=\"0\" \/><\/a><\/p>\n","protected":false},"excerpt":{"rendered":"<p>Artista: Ignotus T\u00edtulo: Rock n terapia A\u00f1o: 2012 G\u00e9nero: Punk Oi!, Punk&#8217;n&#8217;Roll Pa\u00eds: Madrid &#8220;Espa\u00f1a&#8221; WEB: WEB Tracklist&#8230; 01 &#8211; Bandera negra 02 &#8211; The end 03 &#8211; Desde 1995 04 &#8211; Desde mis entra\u00f1as 05 &#8211; Vive y deja &hellip; <a href=\"https:\/\/ioriska.net\/?p=1681\">Sigue leyendo <span class=\"meta-nav\">&rarr;<\/span><\/a><\/p>\n","protected":false},"author":3,"featured_media":0,"comment_status":"open","ping_status":"open","sticky":false,"template":"","format":"standard","meta":{"footnotes":""},"categories":[12,56],"tags":[121],"class_list":["post-1681","post","type-post","status-publish","format-standard","hentry","category-oi","category-punk-oi","tag-121"],"_links":{"self":[{"href":"https:\/\/ioriska.net\/index.php?rest_route=\/wp\/v2\/posts\/1681","targetHints":{"allow":["GET"]}}],"collection":[{"href":"https:\/\/ioriska.net\/index.php?rest_route=\/wp\/v2\/posts"}],"about":[{"href":"https:\/\/ioriska.net\/index.php?rest_route=\/wp\/v2\/types\/post"}],"author":[{"embeddable":true,"href":"https:\/\/ioriska.net\/index.php?rest_route=\/wp\/v2\/users\/3"}],"replies":[{"embeddable":true,"href":"https:\/\/ioriska.net\/index.php?rest_route=%2Fwp%2Fv2%2Fcomments&post=1681"}],"version-history":[{"count":1,"href":"https:\/\/ioriska.net\/index.php?rest_route=\/wp\/v2\/posts\/1681\/revisions"}],"predecessor-version":[{"id":2523,"href":"https:\/\/ioriska.net\/index.php?rest_route=\/wp\/v2\/posts\/1681\/revisions\/2523"}],"wp:attachment":[{"href":"https:\/\/ioriska.net\/index.php?rest_route=%2Fwp%2Fv2%2Fmedia&parent=1681"}],"wp:term":[{"taxonomy":"category","embeddable":true,"href":"https:\/\/ioriska.net\/index.php?rest_route=%2Fwp%2Fv2%2Fcategories&post=1681"},{"taxonomy":"post_tag","embeddable":true,"href":"https:\/\/ioriska.net\/index.php?rest_route=%2Fwp%2Fv2%2Ftags&post=1681"}],"curies":[{"name":"wp","href":"https:\/\/api.w.org\/{rel}","templated":true}]}}