{"id":1113,"date":"2017-01-15T20:47:31","date_gmt":"2017-01-16T02:47:31","guid":{"rendered":"http:\/\/ioriska.net\/?p=1113"},"modified":"2020-07-09T16:27:08","modified_gmt":"2020-07-09T22:27:08","slug":"obrint-pas-la-flama-2004","status":"publish","type":"post","link":"https:\/\/ioriska.net\/?p=1113","title":{"rendered":"OBRINT PAS  &#8211; La Flama (2004)"},"content":{"rendered":"<p><a href=\"http:\/\/ioriska.net\/wp-content\/uploads\/2017\/01\/Obrint_Pas-La_Flama-Frontal-e1484534737566.jpg\"><img loading=\"lazy\" decoding=\"async\" src=\"http:\/\/ioriska.net\/wp-content\/uploads\/2017\/01\/Obrint_Pas-La_Flama-Frontal-e1484534737566.jpg\" alt=\"Obrint_Pas-La_Flama-Frontal\" width=\"350\" height=\"350\" class=\"aligncenter size-full wp-image-1110\" \/><\/a><\/p>\n<p><b>Artista:<\/b> Obrint Pas<br \/>\n<b>T\u00edtulo:<\/b> La Flama<br \/>\n<b>A\u00f1o:<\/b> 2004<br \/>\n<b>G\u00e9nero:<\/b> Ska, Punk, Folk, Rock, Reggae<br \/>\n<b>Pa\u00eds:<\/b> Valencia<br \/>\n<b>WEB:<\/b> <A href=\"https:\/\/www.facebook.com\/Obrint-Pas-20971782022\/\" target=\"_blank\"><b>P\u00c1GINA OFICIAL<\/b><\/A><\/p>\n<p><b> Tracklist&#8230; <\/b><\/p>\n<p>01 &#8211; La flama<br \/>\n02 &#8211; El foc i la paraula<br \/>\n03 &#8211; Novembre<br \/>\n04 &#8211; Can\u00e7\u00f3 de bressol<br \/>\n05 &#8211; Esperant<br \/>\n06 &#8211; Ca\u00e7a de bruixes<br \/>\n07 &#8211; Temps dif\u00edcils<br \/>\n08 &#8211; Mil nou-cents trenta-nou<br \/>\n09 &#8211; Quatre vents<br \/>\n10 &#8211; Records<br \/>\n11 &#8211; No hi ha dem\u00e0<br \/>\n12 &#8211; Tornar a casa<br \/>\n13 &#8211; Som<\/p>\n<p align=\"center\"><a href=\"https:\/\/mega.nz\/#!3Z9XDZjS!MeRr-H2UCBVZ2mOHKCQJzUURKkpRSxtOXU_M5k8HCYk\" target=\"_blank\"><img decoding=\"async\" src=\"http:\/\/ioriska.net\/wp-content\/uploads\/2015\/11\/DOWNLOAD-IORISKA-nuevo1.png\" border=\"0\" \/><\/a><\/p>\n","protected":false},"excerpt":{"rendered":"<p>Artista: Obrint Pas T\u00edtulo: La Flama A\u00f1o: 2004 G\u00e9nero: Ska, Punk, Folk, Rock, Reggae Pa\u00eds: Valencia WEB: P\u00c1GINA OFICIAL Tracklist&#8230; 01 &#8211; La flama 02 &#8211; El foc i la paraula 03 &#8211; Novembre 04 &#8211; Can\u00e7\u00f3 de bressol 05 &hellip; <a href=\"https:\/\/ioriska.net\/?p=1113\">Sigue leyendo <span class=\"meta-nav\">&rarr;<\/span><\/a><\/p>\n","protected":false},"author":2,"featured_media":0,"comment_status":"open","ping_status":"open","sticky":false,"template":"","format":"standard","meta":{"footnotes":""},"categories":[36,49],"tags":[123],"class_list":["post-1113","post","type-post","status-publish","format-standard","hentry","category-ska-2","category-ska-punk","tag-123"],"_links":{"self":[{"href":"https:\/\/ioriska.net\/index.php?rest_route=\/wp\/v2\/posts\/1113","targetHints":{"allow":["GET"]}}],"collection":[{"href":"https:\/\/ioriska.net\/index.php?rest_route=\/wp\/v2\/posts"}],"about":[{"href":"https:\/\/ioriska.net\/index.php?rest_route=\/wp\/v2\/types\/post"}],"author":[{"embeddable":true,"href":"https:\/\/ioriska.net\/index.php?rest_route=\/wp\/v2\/users\/2"}],"replies":[{"embeddable":true,"href":"https:\/\/ioriska.net\/index.php?rest_route=%2Fwp%2Fv2%2Fcomments&post=1113"}],"version-history":[{"count":1,"href":"https:\/\/ioriska.net\/index.php?rest_route=\/wp\/v2\/posts\/1113\/revisions"}],"predecessor-version":[{"id":2429,"href":"https:\/\/ioriska.net\/index.php?rest_route=\/wp\/v2\/posts\/1113\/revisions\/2429"}],"wp:attachment":[{"href":"https:\/\/ioriska.net\/index.php?rest_route=%2Fwp%2Fv2%2Fmedia&parent=1113"}],"wp:term":[{"taxonomy":"category","embeddable":true,"href":"https:\/\/ioriska.net\/index.php?rest_route=%2Fwp%2Fv2%2Fcategories&post=1113"},{"taxonomy":"post_tag","embeddable":true,"href":"https:\/\/ioriska.net\/index.php?rest_route=%2Fwp%2Fv2%2Ftags&post=1113"}],"curies":[{"name":"wp","href":"https:\/\/api.w.org\/{rel}","templated":true}]}}